{"id":1433,"date":"2024-07-08T08:18:31","date_gmt":"2024-07-08T08:18:31","guid":{"rendered":"https:\/\/www.serveismedicsessentia.com\/serveismedicsblog\/frenar-la-caiguda-dels-cabells-solucions-alopecia-girona\/"},"modified":"2024-07-17T11:42:27","modified_gmt":"2024-07-17T11:42:27","slug":"frenar-la-caida-del-cabello-soluciones-alopecia-girona","status":"publish","type":"post","link":"https:\/\/www.serveismedics.blog\/es\/frenar-la-caida-del-cabello-soluciones-alopecia-girona\/","title":{"rendered":"\u00bfNotas ca\u00edda del cabello o que has perdido densidad?"},"content":{"rendered":"\n<p>La ca\u00edda del cabello, conocida como alopecia, es un problema que afecta a millones de personas en todo el mundo, tanto a hombres como a mujeres. Si quieres saber c\u00f3mo frenar la ca\u00edda del cabello, sigue leyendo para saber m\u00e1s.<\/p>\n\n\n\n<div style=\"height:30px\" aria-hidden=\"true\" class=\"wp-block-spacer\"><\/div>\n\n\n\n<h2 class=\"wp-block-heading\">La alopecia en hombres y mujeres<\/h2>\n\n\n\n<div style=\"height:30px\" aria-hidden=\"true\" class=\"wp-block-spacer\"><\/div>\n\n\n\n<p>La alopecia androg\u00e9nica, la forma m\u00e1s com\u00fan de calvicie, es la que m\u00e1s a menudo se valora en nuestra consulta de tricolog\u00eda, llegando a suponer el 95% de las consultas. Sin embargo, est\u00e1 infradiagnosticada, ya que muchas personas consultan muy tarde porque hasta que no se llega a una p\u00e9rdida del 50% del cabello, la calvicie no se hace evidente.<\/p>\n\n\n\n<p>Hay que tener en cuenta que el inicio de la alopecia comienza en la pubertad, aunque pasan muchos a\u00f1os hasta que se hace evidente. Aparece en ambos sexos con una prevalencia de hasta el 80% en los varones y alrededor de un 50% en las mujeres.<\/p>\n\n\n\n<p>La causa en el sexo masculino se debe a una mayor sensibilidad de los fol\u00edculos pilosos a los andr\u00f3genos en determinadas \u00e1reas del cuero cabelludo. Esta sensibilidad est\u00e1 determinada gen\u00e9ticamente y var\u00eda seg\u00fan la zona del cuero cabelludo, siendo los fol\u00edculos de la zona occipital los menos afectados, puesto que la sensibilidad que presentan a andr\u00f3genos en esta zona suele ser gen\u00e9ticamente menor.<\/p>\n\n\n\n<p>La alopecia androgen\u00e9tica femenina se considera similar, pero debe tenerse en cuenta que tanto su presentaci\u00f3n cl\u00ednica como su patogenia var\u00eda debido a que la causalidad es multifactorial.<\/p>\n\n\n\n<div style=\"height:30px\" aria-hidden=\"true\" class=\"wp-block-spacer\"><\/div>\n\n\n\n<h2 class=\"wp-block-heading\">C\u00f3mo frenar la ca\u00edda del cabello: soluciones para combatir la alopecia<\/h2>\n\n\n\n<div style=\"height:30px\" aria-hidden=\"true\" class=\"wp-block-spacer\"><\/div>\n\n\n\n<figure class=\"wp-block-gallery alignwide has-nested-images columns-default is-cropped wp-block-gallery-1 is-layout-flex wp-block-gallery-is-layout-flex\">\n<figure class=\"wp-block-image size-large\"><img fetchpriority=\"high\" decoding=\"async\" width=\"1024\" height=\"1024\" data-id=\"1436\" src=\"http:\/\/www.serveismedicsessentia.com\/serveismedicsblog\/wp-content\/uploads\/2024\/07\/1-1024x1024.png\" alt=\"\" class=\"wp-image-1436\" srcset=\"https:\/\/www.serveismedics.blog\/wp-content\/uploads\/2024\/07\/1-1024x1024.png 1024w, https:\/\/www.serveismedics.blog\/wp-content\/uploads\/2024\/07\/1-300x300.png 300w, https:\/\/www.serveismedics.blog\/wp-content\/uploads\/2024\/07\/1-150x150.png 150w, https:\/\/www.serveismedics.blog\/wp-content\/uploads\/2024\/07\/1-768x768.png 768w, https:\/\/www.serveismedics.blog\/wp-content\/uploads\/2024\/07\/1-600x600.png 600w, https:\/\/www.serveismedics.blog\/wp-content\/uploads\/2024\/07\/1.png 1080w\" sizes=\"(max-width: 1024px) 100vw, 1024px\" \/><\/figure>\n\n\n\n<figure class=\"wp-block-image size-large\"><img decoding=\"async\" width=\"1024\" height=\"1024\" data-id=\"1438\" src=\"http:\/\/www.serveismedicsessentia.com\/serveismedicsblog\/wp-content\/uploads\/2024\/07\/2-1024x1024.png\" alt=\"\" class=\"wp-image-1438\" srcset=\"https:\/\/www.serveismedics.blog\/wp-content\/uploads\/2024\/07\/2-1024x1024.png 1024w, https:\/\/www.serveismedics.blog\/wp-content\/uploads\/2024\/07\/2-300x300.png 300w, https:\/\/www.serveismedics.blog\/wp-content\/uploads\/2024\/07\/2-150x150.png 150w, https:\/\/www.serveismedics.blog\/wp-content\/uploads\/2024\/07\/2-768x768.png 768w, https:\/\/www.serveismedics.blog\/wp-content\/uploads\/2024\/07\/2-600x600.png 600w, https:\/\/www.serveismedics.blog\/wp-content\/uploads\/2024\/07\/2.png 1080w\" sizes=\"(max-width: 1024px) 100vw, 1024px\" \/><\/figure>\n<\/figure>\n\n\n\n<div style=\"height:30px\" aria-hidden=\"true\" class=\"wp-block-spacer\"><\/div>\n\n\n\n<p>Desde <strong>Essentia Centre M\u00e8dic<\/strong> realizamos abordajes hol\u00edsticos para ofrecer a cada paciente un tratamiento personalizado y dirigido a las necesidades de su problema.<\/p>\n\n\n\n<ul class=\"wp-block-list\">\n<li>Terapia de PRP con factores de crecimiento mediante t\u00e9cnica de mesoterapia para frenar la ca\u00edda y mejorar la calidad del cabello.<\/li>\n\n\n\n<li>Formulaciones magistrales para frenar la evoluci\u00f3n de la alopecia y mejorar el grosor consiguiendo mayor densidad.<\/li>\n\n\n\n<li>Servicio de implantes capilares especializados en t\u00e9cnica FUE (t\u00e9cnica m\u00ednimamente invasiva y r\u00e1pida recuperaci\u00f3n).<\/li>\n<\/ul>\n\n\n\n<p><a href=\"https:\/\/www.essentiacentremedic.cat\/es\/reserva\" target=\"_blank\" rel=\"noreferrer noopener\">Pide cita<\/a> y te ayudaremos a determinar la causa de la ca\u00edda del cabello ya encontrar el tratamiento m\u00e1s adecuado para ti.<\/p>\n","protected":false},"excerpt":{"rendered":"<p>La ca\u00edda del cabello, conocida como alopecia, es un problema que afecta a millones de personas en todo el mundo, tanto a hombres como a mujeres. Si quieres saber c\u00f3mo frenar la ca\u00edda del cabello, sigue leyendo para saber m\u00e1s. La alopecia en hombres y mujeres La alopecia androg\u00e9nica, la forma m\u00e1s com\u00fan de calvicie, [&hellip;]<\/p>\n","protected":false},"author":1,"featured_media":1401,"comment_status":"open","ping_status":"open","sticky":false,"template":"","format":"standard","meta":{"ocean_post_layout":"","ocean_both_sidebars_style":"","ocean_both_sidebars_content_width":0,"ocean_both_sidebars_sidebars_width":0,"ocean_sidebar":"","ocean_second_sidebar":"","ocean_disable_margins":"enable","ocean_add_body_class":"","ocean_shortcode_before_top_bar":"","ocean_shortcode_after_top_bar":"","ocean_shortcode_before_header":"","ocean_shortcode_after_header":"","ocean_has_shortcode":"","ocean_shortcode_after_title":"","ocean_shortcode_before_footer_widgets":"","ocean_shortcode_after_footer_widgets":"","ocean_shortcode_before_footer_bottom":"","ocean_shortcode_after_footer_bottom":"","ocean_display_top_bar":"default","ocean_display_header":"default","ocean_header_style":"","ocean_center_header_left_menu":"","ocean_custom_header_template":"","ocean_custom_logo":0,"ocean_custom_retina_logo":0,"ocean_custom_logo_max_width":0,"ocean_custom_logo_tablet_max_width":0,"ocean_custom_logo_mobile_max_width":0,"ocean_custom_logo_max_height":0,"ocean_custom_logo_tablet_max_height":0,"ocean_custom_logo_mobile_max_height":0,"ocean_header_custom_menu":"","ocean_menu_typo_font_family":"","ocean_menu_typo_font_subset":"","ocean_menu_typo_font_size":0,"ocean_menu_typo_font_size_tablet":0,"ocean_menu_typo_font_size_mobile":0,"ocean_menu_typo_font_size_unit":"px","ocean_menu_typo_font_weight":"","ocean_menu_typo_font_weight_tablet":"","ocean_menu_typo_font_weight_mobile":"","ocean_menu_typo_transform":"","ocean_menu_typo_transform_tablet":"","ocean_menu_typo_transform_mobile":"","ocean_menu_typo_line_height":0,"ocean_menu_typo_line_height_tablet":0,"ocean_menu_typo_line_height_mobile":0,"ocean_menu_typo_line_height_unit":"","ocean_menu_typo_spacing":0,"ocean_menu_typo_spacing_tablet":0,"ocean_menu_typo_spacing_mobile":0,"ocean_menu_typo_spacing_unit":"","ocean_menu_link_color":"","ocean_menu_link_color_hover":"","ocean_menu_link_color_active":"","ocean_menu_link_background":"","ocean_menu_link_hover_background":"","ocean_menu_link_active_background":"","ocean_menu_social_links_bg":"","ocean_menu_social_hover_links_bg":"","ocean_menu_social_links_color":"","ocean_menu_social_hover_links_color":"","ocean_disable_title":"default","ocean_disable_heading":"default","ocean_post_title":"","ocean_post_subheading":"","ocean_post_title_style":"","ocean_post_title_background_color":"","ocean_post_title_background":0,"ocean_post_title_bg_image_position":"","ocean_post_title_bg_image_attachment":"","ocean_post_title_bg_image_repeat":"","ocean_post_title_bg_image_size":"","ocean_post_title_height":0,"ocean_post_title_bg_overlay":0.5,"ocean_post_title_bg_overlay_color":"","ocean_disable_breadcrumbs":"default","ocean_breadcrumbs_color":"","ocean_breadcrumbs_separator_color":"","ocean_breadcrumbs_links_color":"","ocean_breadcrumbs_links_hover_color":"","ocean_display_footer_widgets":"default","ocean_display_footer_bottom":"default","ocean_custom_footer_template":"","ocean_post_oembed":"","ocean_post_self_hosted_media":"","ocean_post_video_embed":"","ocean_link_format":"","ocean_link_format_target":"self","ocean_quote_format":"","ocean_quote_format_link":"post","ocean_gallery_link_images":"on","ocean_gallery_id":[],"footnotes":""},"categories":[70],"tags":[],"class_list":["post-1433","post","type-post","status-publish","format-standard","has-post-thumbnail","hentry","category-tricologia-es","entry","has-media"],"yoast_head":"<!-- This site is optimized with the Yoast SEO plugin v27.5 - https:\/\/yoast.com\/product\/yoast-seo-wordpress\/ -->\n<title>Frenar la ca\u00edda del cabello: soluciones contra la alopecia<\/title>\n<meta name=\"description\" content=\"\u00bfQuieres frenar la ca\u00edda del cabello?, pide cita en Essentia. Ofrecemos un tratamiento personalizado seg\u00fan las necesidades de cada paciente.\" \/>\n<meta name=\"robots\" content=\"index, follow, max-snippet:-1, max-image-preview:large, max-video-preview:-1\" \/>\n<link rel=\"canonical\" href=\"https:\/\/www.serveismedics.blog\/es\/frenar-la-caida-del-cabello-soluciones-alopecia-girona\/\" \/>\n<meta property=\"og:locale\" content=\"es_ES\" \/>\n<meta property=\"og:type\" content=\"article\" \/>\n<meta property=\"og:title\" content=\"Frenar la ca\u00edda del cabello: soluciones contra la alopecia\" \/>\n<meta property=\"og:description\" content=\"\u00bfQuieres frenar la ca\u00edda del cabello?, pide cita en Essentia. Ofrecemos un tratamiento personalizado seg\u00fan las necesidades de cada paciente.\" \/>\n<meta property=\"og:url\" content=\"https:\/\/www.serveismedics.blog\/es\/frenar-la-caida-del-cabello-soluciones-alopecia-girona\/\" \/>\n<meta property=\"og:site_name\" content=\"Essentia Centre M\u00e8dic\" \/>\n<meta property=\"article:publisher\" content=\"https:\/\/www.facebook.com\/centreessentia.montgri\" \/>\n<meta property=\"article:published_time\" content=\"2024-07-08T08:18:31+00:00\" \/>\n<meta property=\"article:modified_time\" content=\"2024-07-17T11:42:27+00:00\" \/>\n<meta property=\"og:image\" content=\"https:\/\/www.serveismedics.blog\/wp-content\/uploads\/2024\/07\/tricologia.png\" \/>\n\t<meta property=\"og:image:width\" content=\"940\" \/>\n\t<meta property=\"og:image:height\" content=\"788\" \/>\n\t<meta property=\"og:image:type\" content=\"image\/png\" \/>\n<meta name=\"author\" content=\"Essentia Centre M\u00e8dic\" \/>\n<meta name=\"twitter:card\" content=\"summary_large_image\" \/>\n<meta name=\"twitter:label1\" content=\"Escrito por\" \/>\n\t<meta name=\"twitter:data1\" content=\"Essentia Centre M\u00e8dic\" \/>\n\t<meta name=\"twitter:label2\" content=\"Tiempo de lectura\" \/>\n\t<meta name=\"twitter:data2\" content=\"3 minutos\" \/>\n<script type=\"application\/ld+json\" class=\"yoast-schema-graph\">{\"@context\":\"https:\\\/\\\/schema.org\",\"@graph\":[{\"@type\":[\"Article\",\"BlogPosting\"],\"@id\":\"https:\\\/\\\/www.serveismedics.blog\\\/es\\\/frenar-la-caida-del-cabello-soluciones-alopecia-girona\\\/#article\",\"isPartOf\":{\"@id\":\"https:\\\/\\\/www.serveismedics.blog\\\/es\\\/frenar-la-caida-del-cabello-soluciones-alopecia-girona\\\/\"},\"author\":{\"name\":\"Essentia Centre M\u00e8dic\",\"@id\":\"http:\\\/\\\/www.serveismedics.blog\\\/es\\\/#\\\/schema\\\/person\\\/4c5ef50496d37e6b30798d7ced7ae904\"},\"headline\":\"\u00bfNotas ca\u00edda del cabello o que has perdido densidad?\",\"datePublished\":\"2024-07-08T08:18:31+00:00\",\"dateModified\":\"2024-07-17T11:42:27+00:00\",\"mainEntityOfPage\":{\"@id\":\"https:\\\/\\\/www.serveismedics.blog\\\/es\\\/frenar-la-caida-del-cabello-soluciones-alopecia-girona\\\/\"},\"wordCount\":393,\"commentCount\":0,\"publisher\":{\"@id\":\"http:\\\/\\\/www.serveismedics.blog\\\/es\\\/#organization\"},\"image\":{\"@id\":\"https:\\\/\\\/www.serveismedics.blog\\\/es\\\/frenar-la-caida-del-cabello-soluciones-alopecia-girona\\\/#primaryimage\"},\"thumbnailUrl\":\"https:\\\/\\\/www.serveismedics.blog\\\/wp-content\\\/uploads\\\/2024\\\/07\\\/tricologia.png\",\"articleSection\":[\"Tricologia\"],\"inLanguage\":\"es\",\"potentialAction\":[{\"@type\":\"CommentAction\",\"name\":\"Comment\",\"target\":[\"https:\\\/\\\/www.serveismedics.blog\\\/es\\\/frenar-la-caida-del-cabello-soluciones-alopecia-girona\\\/#respond\"]}]},{\"@type\":[\"WebPage\",\"MedicalWebPage\"],\"@id\":\"https:\\\/\\\/www.serveismedics.blog\\\/es\\\/frenar-la-caida-del-cabello-soluciones-alopecia-girona\\\/\",\"url\":\"https:\\\/\\\/www.serveismedics.blog\\\/es\\\/frenar-la-caida-del-cabello-soluciones-alopecia-girona\\\/\",\"name\":\"Frenar la ca\u00edda del cabello: soluciones contra la alopecia\",\"isPartOf\":{\"@id\":\"http:\\\/\\\/www.serveismedics.blog\\\/es\\\/#website\"},\"primaryImageOfPage\":{\"@id\":\"https:\\\/\\\/www.serveismedics.blog\\\/es\\\/frenar-la-caida-del-cabello-soluciones-alopecia-girona\\\/#primaryimage\"},\"image\":{\"@id\":\"https:\\\/\\\/www.serveismedics.blog\\\/es\\\/frenar-la-caida-del-cabello-soluciones-alopecia-girona\\\/#primaryimage\"},\"thumbnailUrl\":\"https:\\\/\\\/www.serveismedics.blog\\\/wp-content\\\/uploads\\\/2024\\\/07\\\/tricologia.png\",\"datePublished\":\"2024-07-08T08:18:31+00:00\",\"dateModified\":\"2024-07-17T11:42:27+00:00\",\"description\":\"\u00bfQuieres frenar la ca\u00edda del cabello?, pide cita en Essentia. Ofrecemos un tratamiento personalizado seg\u00fan las necesidades de cada paciente.\",\"breadcrumb\":{\"@id\":\"https:\\\/\\\/www.serveismedics.blog\\\/es\\\/frenar-la-caida-del-cabello-soluciones-alopecia-girona\\\/#breadcrumb\"},\"inLanguage\":\"es\",\"potentialAction\":[{\"@type\":\"ReadAction\",\"target\":[\"https:\\\/\\\/www.serveismedics.blog\\\/es\\\/frenar-la-caida-del-cabello-soluciones-alopecia-girona\\\/\"]}]},{\"@type\":\"ImageObject\",\"inLanguage\":\"es\",\"@id\":\"https:\\\/\\\/www.serveismedics.blog\\\/es\\\/frenar-la-caida-del-cabello-soluciones-alopecia-girona\\\/#primaryimage\",\"url\":\"https:\\\/\\\/www.serveismedics.blog\\\/wp-content\\\/uploads\\\/2024\\\/07\\\/tricologia.png\",\"contentUrl\":\"https:\\\/\\\/www.serveismedics.blog\\\/wp-content\\\/uploads\\\/2024\\\/07\\\/tricologia.png\",\"width\":940,\"height\":788,\"caption\":\"com frenar caiguda dels cabells\"},{\"@type\":\"BreadcrumbList\",\"@id\":\"https:\\\/\\\/www.serveismedics.blog\\\/es\\\/frenar-la-caida-del-cabello-soluciones-alopecia-girona\\\/#breadcrumb\",\"itemListElement\":[{\"@type\":\"ListItem\",\"position\":1,\"name\":\"Inici\",\"item\":\"https:\\\/\\\/www.serveismedics.blog\\\/es\\\/\"},{\"@type\":\"ListItem\",\"position\":2,\"name\":\"\u00bfNotas ca\u00edda del cabello o que has perdido densidad?\"}]},{\"@type\":\"WebSite\",\"@id\":\"http:\\\/\\\/www.serveismedics.blog\\\/es\\\/#website\",\"url\":\"http:\\\/\\\/www.serveismedics.blog\\\/es\\\/\",\"name\":\"Essentia Centre M\u00e8dic\",\"description\":\"El teu cente integral de salut\",\"publisher\":{\"@id\":\"http:\\\/\\\/www.serveismedics.blog\\\/es\\\/#organization\"},\"potentialAction\":[{\"@type\":\"SearchAction\",\"target\":{\"@type\":\"EntryPoint\",\"urlTemplate\":\"http:\\\/\\\/www.serveismedics.blog\\\/es\\\/?s={search_term_string}\"},\"query-input\":{\"@type\":\"PropertyValueSpecification\",\"valueRequired\":true,\"valueName\":\"search_term_string\"}}],\"inLanguage\":\"es\"},{\"@type\":\"Organization\",\"@id\":\"http:\\\/\\\/www.serveismedics.blog\\\/es\\\/#organization\",\"name\":\"Essentia Centre M\u00e8dic\",\"url\":\"http:\\\/\\\/www.serveismedics.blog\\\/es\\\/\",\"logo\":{\"@type\":\"ImageObject\",\"inLanguage\":\"es\",\"@id\":\"http:\\\/\\\/www.serveismedics.blog\\\/es\\\/#\\\/schema\\\/logo\\\/image\\\/\",\"url\":\"http:\\\/\\\/www.serveismedicsessentia.com\\\/serveismedicsblog\\\/wp-content\\\/uploads\\\/2022\\\/05\\\/cropped-cropped-logo.png\",\"contentUrl\":\"http:\\\/\\\/www.serveismedicsessentia.com\\\/serveismedicsblog\\\/wp-content\\\/uploads\\\/2022\\\/05\\\/cropped-cropped-logo.png\",\"width\":512,\"height\":512,\"caption\":\"Essentia Centre M\u00e8dic\"},\"image\":{\"@id\":\"http:\\\/\\\/www.serveismedics.blog\\\/es\\\/#\\\/schema\\\/logo\\\/image\\\/\"},\"sameAs\":[\"https:\\\/\\\/www.facebook.com\\\/centreessentia.montgri\"]},{\"@type\":\"Person\",\"@id\":\"http:\\\/\\\/www.serveismedics.blog\\\/es\\\/#\\\/schema\\\/person\\\/4c5ef50496d37e6b30798d7ced7ae904\",\"name\":\"Essentia Centre M\u00e8dic\",\"image\":{\"@type\":\"ImageObject\",\"inLanguage\":\"es\",\"@id\":\"https:\\\/\\\/secure.gravatar.com\\\/avatar\\\/b7fb4cff0b30bb664a3fe8271f60c493235311eb1bb917d43fd79a61ae8e99f8?s=96&d=mm&r=g\",\"url\":\"https:\\\/\\\/secure.gravatar.com\\\/avatar\\\/b7fb4cff0b30bb664a3fe8271f60c493235311eb1bb917d43fd79a61ae8e99f8?s=96&d=mm&r=g\",\"contentUrl\":\"https:\\\/\\\/secure.gravatar.com\\\/avatar\\\/b7fb4cff0b30bb664a3fe8271f60c493235311eb1bb917d43fd79a61ae8e99f8?s=96&d=mm&r=g\",\"caption\":\"Essentia Centre M\u00e8dic\"},\"sameAs\":[\"https:\\\/\\\/www.serveismedicsessentia.com\\\/serveismedicsblog\"]}]}<\/script>\n<!-- \/ Yoast SEO plugin. -->","yoast_head_json":{"title":"Frenar la ca\u00edda del cabello: soluciones contra la alopecia","description":"\u00bfQuieres frenar la ca\u00edda del cabello?, pide cita en Essentia. Ofrecemos un tratamiento personalizado seg\u00fan las necesidades de cada paciente.","robots":{"index":"index","follow":"follow","max-snippet":"max-snippet:-1","max-image-preview":"max-image-preview:large","max-video-preview":"max-video-preview:-1"},"canonical":"https:\/\/www.serveismedics.blog\/es\/frenar-la-caida-del-cabello-soluciones-alopecia-girona\/","og_locale":"es_ES","og_type":"article","og_title":"Frenar la ca\u00edda del cabello: soluciones contra la alopecia","og_description":"\u00bfQuieres frenar la ca\u00edda del cabello?, pide cita en Essentia. Ofrecemos un tratamiento personalizado seg\u00fan las necesidades de cada paciente.","og_url":"https:\/\/www.serveismedics.blog\/es\/frenar-la-caida-del-cabello-soluciones-alopecia-girona\/","og_site_name":"Essentia Centre M\u00e8dic","article_publisher":"https:\/\/www.facebook.com\/centreessentia.montgri","article_published_time":"2024-07-08T08:18:31+00:00","article_modified_time":"2024-07-17T11:42:27+00:00","og_image":[{"width":940,"height":788,"url":"https:\/\/www.serveismedics.blog\/wp-content\/uploads\/2024\/07\/tricologia.png","type":"image\/png"}],"author":"Essentia Centre M\u00e8dic","twitter_card":"summary_large_image","twitter_misc":{"Escrito por":"Essentia Centre M\u00e8dic","Tiempo de lectura":"3 minutos"},"schema":{"@context":"https:\/\/schema.org","@graph":[{"@type":["Article","BlogPosting"],"@id":"https:\/\/www.serveismedics.blog\/es\/frenar-la-caida-del-cabello-soluciones-alopecia-girona\/#article","isPartOf":{"@id":"https:\/\/www.serveismedics.blog\/es\/frenar-la-caida-del-cabello-soluciones-alopecia-girona\/"},"author":{"name":"Essentia Centre M\u00e8dic","@id":"http:\/\/www.serveismedics.blog\/es\/#\/schema\/person\/4c5ef50496d37e6b30798d7ced7ae904"},"headline":"\u00bfNotas ca\u00edda del cabello o que has perdido densidad?","datePublished":"2024-07-08T08:18:31+00:00","dateModified":"2024-07-17T11:42:27+00:00","mainEntityOfPage":{"@id":"https:\/\/www.serveismedics.blog\/es\/frenar-la-caida-del-cabello-soluciones-alopecia-girona\/"},"wordCount":393,"commentCount":0,"publisher":{"@id":"http:\/\/www.serveismedics.blog\/es\/#organization"},"image":{"@id":"https:\/\/www.serveismedics.blog\/es\/frenar-la-caida-del-cabello-soluciones-alopecia-girona\/#primaryimage"},"thumbnailUrl":"https:\/\/www.serveismedics.blog\/wp-content\/uploads\/2024\/07\/tricologia.png","articleSection":["Tricologia"],"inLanguage":"es","potentialAction":[{"@type":"CommentAction","name":"Comment","target":["https:\/\/www.serveismedics.blog\/es\/frenar-la-caida-del-cabello-soluciones-alopecia-girona\/#respond"]}]},{"@type":["WebPage","MedicalWebPage"],"@id":"https:\/\/www.serveismedics.blog\/es\/frenar-la-caida-del-cabello-soluciones-alopecia-girona\/","url":"https:\/\/www.serveismedics.blog\/es\/frenar-la-caida-del-cabello-soluciones-alopecia-girona\/","name":"Frenar la ca\u00edda del cabello: soluciones contra la alopecia","isPartOf":{"@id":"http:\/\/www.serveismedics.blog\/es\/#website"},"primaryImageOfPage":{"@id":"https:\/\/www.serveismedics.blog\/es\/frenar-la-caida-del-cabello-soluciones-alopecia-girona\/#primaryimage"},"image":{"@id":"https:\/\/www.serveismedics.blog\/es\/frenar-la-caida-del-cabello-soluciones-alopecia-girona\/#primaryimage"},"thumbnailUrl":"https:\/\/www.serveismedics.blog\/wp-content\/uploads\/2024\/07\/tricologia.png","datePublished":"2024-07-08T08:18:31+00:00","dateModified":"2024-07-17T11:42:27+00:00","description":"\u00bfQuieres frenar la ca\u00edda del cabello?, pide cita en Essentia. Ofrecemos un tratamiento personalizado seg\u00fan las necesidades de cada paciente.","breadcrumb":{"@id":"https:\/\/www.serveismedics.blog\/es\/frenar-la-caida-del-cabello-soluciones-alopecia-girona\/#breadcrumb"},"inLanguage":"es","potentialAction":[{"@type":"ReadAction","target":["https:\/\/www.serveismedics.blog\/es\/frenar-la-caida-del-cabello-soluciones-alopecia-girona\/"]}]},{"@type":"ImageObject","inLanguage":"es","@id":"https:\/\/www.serveismedics.blog\/es\/frenar-la-caida-del-cabello-soluciones-alopecia-girona\/#primaryimage","url":"https:\/\/www.serveismedics.blog\/wp-content\/uploads\/2024\/07\/tricologia.png","contentUrl":"https:\/\/www.serveismedics.blog\/wp-content\/uploads\/2024\/07\/tricologia.png","width":940,"height":788,"caption":"com frenar caiguda dels cabells"},{"@type":"BreadcrumbList","@id":"https:\/\/www.serveismedics.blog\/es\/frenar-la-caida-del-cabello-soluciones-alopecia-girona\/#breadcrumb","itemListElement":[{"@type":"ListItem","position":1,"name":"Inici","item":"https:\/\/www.serveismedics.blog\/es\/"},{"@type":"ListItem","position":2,"name":"\u00bfNotas ca\u00edda del cabello o que has perdido densidad?"}]},{"@type":"WebSite","@id":"http:\/\/www.serveismedics.blog\/es\/#website","url":"http:\/\/www.serveismedics.blog\/es\/","name":"Essentia Centre M\u00e8dic","description":"El teu cente integral de salut","publisher":{"@id":"http:\/\/www.serveismedics.blog\/es\/#organization"},"potentialAction":[{"@type":"SearchAction","target":{"@type":"EntryPoint","urlTemplate":"http:\/\/www.serveismedics.blog\/es\/?s={search_term_string}"},"query-input":{"@type":"PropertyValueSpecification","valueRequired":true,"valueName":"search_term_string"}}],"inLanguage":"es"},{"@type":"Organization","@id":"http:\/\/www.serveismedics.blog\/es\/#organization","name":"Essentia Centre M\u00e8dic","url":"http:\/\/www.serveismedics.blog\/es\/","logo":{"@type":"ImageObject","inLanguage":"es","@id":"http:\/\/www.serveismedics.blog\/es\/#\/schema\/logo\/image\/","url":"http:\/\/www.serveismedicsessentia.com\/serveismedicsblog\/wp-content\/uploads\/2022\/05\/cropped-cropped-logo.png","contentUrl":"http:\/\/www.serveismedicsessentia.com\/serveismedicsblog\/wp-content\/uploads\/2022\/05\/cropped-cropped-logo.png","width":512,"height":512,"caption":"Essentia Centre M\u00e8dic"},"image":{"@id":"http:\/\/www.serveismedics.blog\/es\/#\/schema\/logo\/image\/"},"sameAs":["https:\/\/www.facebook.com\/centreessentia.montgri"]},{"@type":"Person","@id":"http:\/\/www.serveismedics.blog\/es\/#\/schema\/person\/4c5ef50496d37e6b30798d7ced7ae904","name":"Essentia Centre M\u00e8dic","image":{"@type":"ImageObject","inLanguage":"es","@id":"https:\/\/secure.gravatar.com\/avatar\/b7fb4cff0b30bb664a3fe8271f60c493235311eb1bb917d43fd79a61ae8e99f8?s=96&d=mm&r=g","url":"https:\/\/secure.gravatar.com\/avatar\/b7fb4cff0b30bb664a3fe8271f60c493235311eb1bb917d43fd79a61ae8e99f8?s=96&d=mm&r=g","contentUrl":"https:\/\/secure.gravatar.com\/avatar\/b7fb4cff0b30bb664a3fe8271f60c493235311eb1bb917d43fd79a61ae8e99f8?s=96&d=mm&r=g","caption":"Essentia Centre M\u00e8dic"},"sameAs":["https:\/\/www.serveismedicsessentia.com\/serveismedicsblog"]}]}},"_links":{"self":[{"href":"https:\/\/www.serveismedics.blog\/es\/wp-json\/wp\/v2\/posts\/1433","targetHints":{"allow":["GET"]}}],"collection":[{"href":"https:\/\/www.serveismedics.blog\/es\/wp-json\/wp\/v2\/posts"}],"about":[{"href":"https:\/\/www.serveismedics.blog\/es\/wp-json\/wp\/v2\/types\/post"}],"author":[{"embeddable":true,"href":"https:\/\/www.serveismedics.blog\/es\/wp-json\/wp\/v2\/users\/1"}],"replies":[{"embeddable":true,"href":"https:\/\/www.serveismedics.blog\/es\/wp-json\/wp\/v2\/comments?post=1433"}],"version-history":[{"count":0,"href":"https:\/\/www.serveismedics.blog\/es\/wp-json\/wp\/v2\/posts\/1433\/revisions"}],"wp:featuredmedia":[{"embeddable":true,"href":"https:\/\/www.serveismedics.blog\/es\/wp-json\/wp\/v2\/media\/1401"}],"wp:attachment":[{"href":"https:\/\/www.serveismedics.blog\/es\/wp-json\/wp\/v2\/media?parent=1433"}],"wp:term":[{"taxonomy":"category","embeddable":true,"href":"https:\/\/www.serveismedics.blog\/es\/wp-json\/wp\/v2\/categories?post=1433"},{"taxonomy":"post_tag","embeddable":true,"href":"https:\/\/www.serveismedics.blog\/es\/wp-json\/wp\/v2\/tags?post=1433"}],"curies":[{"name":"wp","href":"https:\/\/api.w.org\/{rel}","templated":true}]}}