{"id":1321,"date":"2024-03-14T12:58:39","date_gmt":"2024-03-14T12:58:39","guid":{"rendered":"https:\/\/www.serveismedicsessentia.com\/serveismedicsblog\/?p=1321"},"modified":"2024-03-15T11:27:20","modified_gmt":"2024-03-15T11:27:20","slug":"salud-auditiva-en-girona-como-saber-si-estoy-perdiendo-audicion","status":"publish","type":"post","link":"https:\/\/www.serveismedics.blog\/es\/salud-auditiva-en-girona-como-saber-si-estoy-perdiendo-audicion\/","title":{"rendered":"Salud Auditiva: \u00bfc\u00f3mo saber si estoy perdiendo audici\u00f3n?"},"content":{"rendered":"\n<p>\u00bfSab\u00edas que un gran n\u00famero de personas van perdiendo salud auditiva de forma gradual a causa de la sobreexposici\u00f3n al ruido en el trabajo sin que se den cuenta?<\/p>\n\n\n\n<p>Cuando hablamos de una p\u00e9rdida auditiva gradual significa que esta no ocurre de repente, sino que se desarrolla de forma progresiva con el tiempo. Por lo tanto, cuando una persona se da cuenta de que tiene un problema de audici\u00f3n, \u00e9ste ya es m\u00e1s que evidente.<\/p>\n\n\n\n<div style=\"height:30px\" aria-hidden=\"true\" class=\"wp-block-spacer\"><\/div>\n\n\n\n<h2 class=\"wp-block-heading\">\u00bfC\u00f3mo ocurre la p\u00e9rdida auditiva?<\/h2>\n\n\n\n<p>En ocasiones, la p\u00e9rdida de la capacidad auditiva puede presentarse abruptamente, como en el caso de la sordera s\u00fabita. Aunque a veces este tipo de sordera puede revertirse espont\u00e1neamente, otras veces puede resultar en una p\u00e9rdida auditiva permanente.<br><\/p>\n\n\n\n<blockquote class=\"wp-block-quote is-layout-flow wp-block-quote-is-layout-flow\">\n<p>Lo m\u00e1s habitual para saber si estas perdiendo audici\u00f3n es que \u00e9sta se desarrolle y se manifieste de forma lenta y progresiva.<\/p>\n<\/blockquote>\n\n\n\n<div style=\"height:30px\" aria-hidden=\"true\" class=\"wp-block-spacer\"><\/div>\n\n\n\n<h2 class=\"wp-block-heading\">Signos de  p\u00e9rdida auditiva<\/h2>\n\n\n\n<p>Uno de los primeros s\u00edntomas de la p\u00e9rdida auditiva es cuando aparece la sensaci\u00f3n de tener un tap\u00f3n en los o\u00eddos que impide escuchar de manera \u201cn\u00edtida\u201d.<\/p>\n\n\n\n<p>El deterioro auditivo tambi\u00e9n limita la capacidad de percibir sonidos de alta frecuencia, afectando a la comprensi\u00f3n de algunas palabras y a seguir conversaciones, especialmente en ambientes ruidosos.<\/p>\n\n\n\n<p>Si adem\u00e1s nos damos cuenta que hemos dejado de escuchar sonidos sutiles, como el canto de los p\u00e1jaros o el tic-tac de un reloj, puede ser una advertencia de que estamos perdiendo audici\u00f3n.<\/p>\n\n\n\n<p>Tambi\u00e9n es significativo observar ciertos comportamientos como subir el volumen del televisor o de la radio m\u00e1s de lo habitual, especialmente cuando otros no lo necesitan o consideran que es demasiado alto.<\/p>\n\n\n\n<p>Por estos y otros motivos, es crucial visitar a <strong>especialistas en audio control <\/strong>ante el menor indicio de deterioro auditivo. Mediante <strong>pruebas auditivas<\/strong>, el especialista puede determinar la presencia y el grado de p\u00e9rdida auditiva, permitiendo tomar medidas para prevenir un empeoramiento futuro.<\/p>\n\n\n\n<div style=\"height:30px\" aria-hidden=\"true\" class=\"wp-block-spacer\"><\/div>\n\n\n\n<h2 class=\"wp-block-heading\">C\u00f3mo mantener y proteger nuestra salud auditiva<\/h2>\n\n\n\n<p>Proteger la salud auditiva es esencial, especialmente si trabajas en un ambiente donde la exposici\u00f3n a niveles de ruido elevados es constante. Para mantener tu salud auditiva, puedes seguir estas recomendaciones:<\/p>\n\n\n\n<ul class=\"wp-block-list\">\n<li><strong>Utiliza siempre protectores auditivos<\/strong> espec\u00edficos para tu entorno de trabajo, como tapones para los o\u00eddos u orejeras.<\/li>\n\n\n\n<li><strong>Limita el tiempo de exposici\u00f3n al ruido<\/strong>: aunque en algunos trabajos la exposici\u00f3n al ruido es inevitable, intenta limitar el tiempo que pasas en ambientes ruidosos y haz descansos cuando sea posible.<\/li>\n\n\n\n<li><strong>Realiza una revisi\u00f3n auditiva regularmente<\/strong>. La detecci\u00f3n temprana de cualquier disminuci\u00f3n en la capacidad auditiva puede ayudarte a tomar medidas correctivas antes de que el problema se agrave.<\/li>\n<\/ul>\n\n\n\n<div style=\"height:30px\" aria-hidden=\"true\" class=\"wp-block-spacer\"><\/div>\n\n\n\n<p>Recuerda que los primeros signos de p\u00e9rdida de audici\u00f3n suelen ser leves y pasan desapercibidos. Si sientes una disminuci\u00f3n anormal de tu audici\u00f3n, pide cita en<a href=\"https:\/\/www.serveismedicsessentia.com\/serveismedicsblog\" target=\"_blank\" rel=\"noreferrer noopener\"> Essentia Centre M\u00e8dic<\/a>  para una <a href=\"https:\/\/www.essentiacentremedic.cat\/es\/servicio\/audifonos-y-pruebas-auditivas\" target=\"_blank\" rel=\"noreferrer noopener\">revisi\u00f3n auditiva gratuita<\/a> con nuestros <strong>Especialistas de la Audici\u00f3n<\/strong>.<\/p>\n\n\n\n<ul class=\"wp-block-list\">\n<div style=\"height:30px\" aria-hidden=\"true\" class=\"wp-block-spacer\"><\/div>\n<\/ul>\n","protected":false},"excerpt":{"rendered":"<p>\u00bfSab\u00edas que un gran n\u00famero de personas van perdiendo salud auditiva de forma gradual a causa de la sobreexposici\u00f3n al ruido en el trabajo sin que se den cuenta? Cuando hablamos de una p\u00e9rdida auditiva gradual significa que esta no ocurre de repente, sino que se desarrolla de forma progresiva con el tiempo. Por lo [&hellip;]<\/p>\n","protected":false},"author":1,"featured_media":1323,"comment_status":"open","ping_status":"open","sticky":false,"template":"","format":"standard","meta":{"ocean_post_layout":"","ocean_both_sidebars_style":"","ocean_both_sidebars_content_width":0,"ocean_both_sidebars_sidebars_width":0,"ocean_sidebar":"","ocean_second_sidebar":"","ocean_disable_margins":"enable","ocean_add_body_class":"","ocean_shortcode_before_top_bar":"","ocean_shortcode_after_top_bar":"","ocean_shortcode_before_header":"","ocean_shortcode_after_header":"","ocean_has_shortcode":"","ocean_shortcode_after_title":"","ocean_shortcode_before_footer_widgets":"","ocean_shortcode_after_footer_widgets":"","ocean_shortcode_before_footer_bottom":"","ocean_shortcode_after_footer_bottom":"","ocean_display_top_bar":"default","ocean_display_header":"default","ocean_header_style":"","ocean_center_header_left_menu":"","ocean_custom_header_template":"","ocean_custom_logo":0,"ocean_custom_retina_logo":0,"ocean_custom_logo_max_width":0,"ocean_custom_logo_tablet_max_width":0,"ocean_custom_logo_mobile_max_width":0,"ocean_custom_logo_max_height":0,"ocean_custom_logo_tablet_max_height":0,"ocean_custom_logo_mobile_max_height":0,"ocean_header_custom_menu":"","ocean_menu_typo_font_family":"","ocean_menu_typo_font_subset":"","ocean_menu_typo_font_size":0,"ocean_menu_typo_font_size_tablet":0,"ocean_menu_typo_font_size_mobile":0,"ocean_menu_typo_font_size_unit":"px","ocean_menu_typo_font_weight":"","ocean_menu_typo_font_weight_tablet":"","ocean_menu_typo_font_weight_mobile":"","ocean_menu_typo_transform":"","ocean_menu_typo_transform_tablet":"","ocean_menu_typo_transform_mobile":"","ocean_menu_typo_line_height":0,"ocean_menu_typo_line_height_tablet":0,"ocean_menu_typo_line_height_mobile":0,"ocean_menu_typo_line_height_unit":"","ocean_menu_typo_spacing":0,"ocean_menu_typo_spacing_tablet":0,"ocean_menu_typo_spacing_mobile":0,"ocean_menu_typo_spacing_unit":"","ocean_menu_link_color":"","ocean_menu_link_color_hover":"","ocean_menu_link_color_active":"","ocean_menu_link_background":"","ocean_menu_link_hover_background":"","ocean_menu_link_active_background":"","ocean_menu_social_links_bg":"","ocean_menu_social_hover_links_bg":"","ocean_menu_social_links_color":"","ocean_menu_social_hover_links_color":"","ocean_disable_title":"default","ocean_disable_heading":"default","ocean_post_title":"","ocean_post_subheading":"","ocean_post_title_style":"","ocean_post_title_background_color":"","ocean_post_title_background":0,"ocean_post_title_bg_image_position":"","ocean_post_title_bg_image_attachment":"","ocean_post_title_bg_image_repeat":"","ocean_post_title_bg_image_size":"","ocean_post_title_height":0,"ocean_post_title_bg_overlay":0.5,"ocean_post_title_bg_overlay_color":"","ocean_disable_breadcrumbs":"default","ocean_breadcrumbs_color":"","ocean_breadcrumbs_separator_color":"","ocean_breadcrumbs_links_color":"","ocean_breadcrumbs_links_hover_color":"","ocean_display_footer_widgets":"default","ocean_display_footer_bottom":"default","ocean_custom_footer_template":"","ocean_post_oembed":"","ocean_post_self_hosted_media":"","ocean_post_video_embed":"","ocean_link_format":"","ocean_link_format_target":"self","ocean_quote_format":"","ocean_quote_format_link":"post","ocean_gallery_link_images":"on","ocean_gallery_id":[],"footnotes":""},"categories":[67],"tags":[],"class_list":["post-1321","post","type-post","status-publish","format-standard","has-post-thumbnail","hentry","category-salud-auditiva","entry","has-media"],"yoast_head":"<!-- This site is optimized with the Yoast SEO plugin v27.5 - https:\/\/yoast.com\/product\/yoast-seo-wordpress\/ -->\n<title>Salud Auditiva: \u00bfc\u00f3mo saber si estoy perdiendo audici\u00f3n?<\/title>\n<meta name=\"description\" content=\"Visita a los especialistas en salud auditiva de Essentia Centre M\u00e8dic para realizar una revisi\u00f3n auditiva y una videotoscopia gratuita.\" \/>\n<meta name=\"robots\" content=\"index, follow, max-snippet:-1, max-image-preview:large, max-video-preview:-1\" \/>\n<link rel=\"canonical\" href=\"https:\/\/www.serveismedics.blog\/es\/salud-auditiva-en-girona-como-saber-si-estoy-perdiendo-audicion\/\" \/>\n<meta property=\"og:locale\" content=\"es_ES\" \/>\n<meta property=\"og:type\" content=\"article\" \/>\n<meta property=\"og:title\" content=\"Salud Auditiva: \u00bfc\u00f3mo saber si estoy perdiendo audici\u00f3n?\" \/>\n<meta property=\"og:description\" content=\"Visita a los especialistas en salud auditiva de Essentia Centre M\u00e8dic para realizar una revisi\u00f3n auditiva y una videotoscopia gratuita.\" \/>\n<meta property=\"og:url\" content=\"https:\/\/www.serveismedics.blog\/es\/salud-auditiva-en-girona-como-saber-si-estoy-perdiendo-audicion\/\" \/>\n<meta property=\"og:site_name\" content=\"Essentia Centre M\u00e8dic\" \/>\n<meta property=\"article:publisher\" content=\"https:\/\/www.facebook.com\/centreessentia.montgri\" \/>\n<meta property=\"article:published_time\" content=\"2024-03-14T12:58:39+00:00\" \/>\n<meta property=\"article:modified_time\" content=\"2024-03-15T11:27:20+00:00\" \/>\n<meta property=\"og:image\" content=\"https:\/\/www.serveismedics.blog\/wp-content\/uploads\/2024\/03\/salud-auditiva.png\" \/>\n\t<meta property=\"og:image:width\" content=\"940\" \/>\n\t<meta property=\"og:image:height\" content=\"788\" \/>\n\t<meta property=\"og:image:type\" content=\"image\/png\" \/>\n<meta name=\"author\" content=\"Essentia Centre M\u00e8dic\" \/>\n<meta name=\"twitter:card\" content=\"summary_large_image\" \/>\n<meta name=\"twitter:label1\" content=\"Escrito por\" \/>\n\t<meta name=\"twitter:data1\" content=\"Essentia Centre M\u00e8dic\" \/>\n\t<meta name=\"twitter:label2\" content=\"Tiempo de lectura\" \/>\n\t<meta name=\"twitter:data2\" content=\"3 minutos\" \/>\n<script type=\"application\/ld+json\" class=\"yoast-schema-graph\">{\"@context\":\"https:\\\/\\\/schema.org\",\"@graph\":[{\"@type\":[\"Article\",\"BlogPosting\"],\"@id\":\"https:\\\/\\\/www.serveismedics.blog\\\/es\\\/salud-auditiva-en-girona-como-saber-si-estoy-perdiendo-audicion\\\/#article\",\"isPartOf\":{\"@id\":\"https:\\\/\\\/www.serveismedics.blog\\\/es\\\/salud-auditiva-en-girona-como-saber-si-estoy-perdiendo-audicion\\\/\"},\"author\":{\"name\":\"Essentia Centre M\u00e8dic\",\"@id\":\"http:\\\/\\\/www.serveismedics.blog\\\/es\\\/#\\\/schema\\\/person\\\/4c5ef50496d37e6b30798d7ced7ae904\"},\"headline\":\"Salud Auditiva: \u00bfc\u00f3mo saber si estoy perdiendo audici\u00f3n?\",\"datePublished\":\"2024-03-14T12:58:39+00:00\",\"dateModified\":\"2024-03-15T11:27:20+00:00\",\"mainEntityOfPage\":{\"@id\":\"https:\\\/\\\/www.serveismedics.blog\\\/es\\\/salud-auditiva-en-girona-como-saber-si-estoy-perdiendo-audicion\\\/\"},\"wordCount\":517,\"commentCount\":0,\"publisher\":{\"@id\":\"http:\\\/\\\/www.serveismedics.blog\\\/es\\\/#organization\"},\"image\":{\"@id\":\"https:\\\/\\\/www.serveismedics.blog\\\/es\\\/salud-auditiva-en-girona-como-saber-si-estoy-perdiendo-audicion\\\/#primaryimage\"},\"thumbnailUrl\":\"https:\\\/\\\/www.serveismedics.blog\\\/wp-content\\\/uploads\\\/2024\\\/03\\\/salud-auditiva.png\",\"articleSection\":[\"Salud Auditiva\"],\"inLanguage\":\"es\",\"potentialAction\":[{\"@type\":\"CommentAction\",\"name\":\"Comment\",\"target\":[\"https:\\\/\\\/www.serveismedics.blog\\\/es\\\/salud-auditiva-en-girona-como-saber-si-estoy-perdiendo-audicion\\\/#respond\"]}]},{\"@type\":[\"WebPage\",\"MedicalWebPage\"],\"@id\":\"https:\\\/\\\/www.serveismedics.blog\\\/es\\\/salud-auditiva-en-girona-como-saber-si-estoy-perdiendo-audicion\\\/\",\"url\":\"https:\\\/\\\/www.serveismedics.blog\\\/es\\\/salud-auditiva-en-girona-como-saber-si-estoy-perdiendo-audicion\\\/\",\"name\":\"Salud Auditiva: \u00bfc\u00f3mo saber si estoy perdiendo audici\u00f3n?\",\"isPartOf\":{\"@id\":\"http:\\\/\\\/www.serveismedics.blog\\\/es\\\/#website\"},\"primaryImageOfPage\":{\"@id\":\"https:\\\/\\\/www.serveismedics.blog\\\/es\\\/salud-auditiva-en-girona-como-saber-si-estoy-perdiendo-audicion\\\/#primaryimage\"},\"image\":{\"@id\":\"https:\\\/\\\/www.serveismedics.blog\\\/es\\\/salud-auditiva-en-girona-como-saber-si-estoy-perdiendo-audicion\\\/#primaryimage\"},\"thumbnailUrl\":\"https:\\\/\\\/www.serveismedics.blog\\\/wp-content\\\/uploads\\\/2024\\\/03\\\/salud-auditiva.png\",\"datePublished\":\"2024-03-14T12:58:39+00:00\",\"dateModified\":\"2024-03-15T11:27:20+00:00\",\"description\":\"Visita a los especialistas en salud auditiva de Essentia Centre M\u00e8dic para realizar una revisi\u00f3n auditiva y una videotoscopia gratuita.\",\"breadcrumb\":{\"@id\":\"https:\\\/\\\/www.serveismedics.blog\\\/es\\\/salud-auditiva-en-girona-como-saber-si-estoy-perdiendo-audicion\\\/#breadcrumb\"},\"inLanguage\":\"es\",\"potentialAction\":[{\"@type\":\"ReadAction\",\"target\":[\"https:\\\/\\\/www.serveismedics.blog\\\/es\\\/salud-auditiva-en-girona-como-saber-si-estoy-perdiendo-audicion\\\/\"]}]},{\"@type\":\"ImageObject\",\"inLanguage\":\"es\",\"@id\":\"https:\\\/\\\/www.serveismedics.blog\\\/es\\\/salud-auditiva-en-girona-como-saber-si-estoy-perdiendo-audicion\\\/#primaryimage\",\"url\":\"https:\\\/\\\/www.serveismedics.blog\\\/wp-content\\\/uploads\\\/2024\\\/03\\\/salud-auditiva.png\",\"contentUrl\":\"https:\\\/\\\/www.serveismedics.blog\\\/wp-content\\\/uploads\\\/2024\\\/03\\\/salud-auditiva.png\",\"width\":940,\"height\":788,\"caption\":\"Salud Auditiva\"},{\"@type\":\"BreadcrumbList\",\"@id\":\"https:\\\/\\\/www.serveismedics.blog\\\/es\\\/salud-auditiva-en-girona-como-saber-si-estoy-perdiendo-audicion\\\/#breadcrumb\",\"itemListElement\":[{\"@type\":\"ListItem\",\"position\":1,\"name\":\"Inici\",\"item\":\"https:\\\/\\\/www.serveismedics.blog\\\/es\\\/\"},{\"@type\":\"ListItem\",\"position\":2,\"name\":\"Salud Auditiva: \u00bfc\u00f3mo saber si estoy perdiendo audici\u00f3n?\"}]},{\"@type\":\"WebSite\",\"@id\":\"http:\\\/\\\/www.serveismedics.blog\\\/es\\\/#website\",\"url\":\"http:\\\/\\\/www.serveismedics.blog\\\/es\\\/\",\"name\":\"Essentia Centre M\u00e8dic\",\"description\":\"El teu cente integral de salut\",\"publisher\":{\"@id\":\"http:\\\/\\\/www.serveismedics.blog\\\/es\\\/#organization\"},\"potentialAction\":[{\"@type\":\"SearchAction\",\"target\":{\"@type\":\"EntryPoint\",\"urlTemplate\":\"http:\\\/\\\/www.serveismedics.blog\\\/es\\\/?s={search_term_string}\"},\"query-input\":{\"@type\":\"PropertyValueSpecification\",\"valueRequired\":true,\"valueName\":\"search_term_string\"}}],\"inLanguage\":\"es\"},{\"@type\":\"Organization\",\"@id\":\"http:\\\/\\\/www.serveismedics.blog\\\/es\\\/#organization\",\"name\":\"Essentia Centre M\u00e8dic\",\"url\":\"http:\\\/\\\/www.serveismedics.blog\\\/es\\\/\",\"logo\":{\"@type\":\"ImageObject\",\"inLanguage\":\"es\",\"@id\":\"http:\\\/\\\/www.serveismedics.blog\\\/es\\\/#\\\/schema\\\/logo\\\/image\\\/\",\"url\":\"http:\\\/\\\/www.serveismedicsessentia.com\\\/serveismedicsblog\\\/wp-content\\\/uploads\\\/2022\\\/05\\\/cropped-cropped-logo.png\",\"contentUrl\":\"http:\\\/\\\/www.serveismedicsessentia.com\\\/serveismedicsblog\\\/wp-content\\\/uploads\\\/2022\\\/05\\\/cropped-cropped-logo.png\",\"width\":512,\"height\":512,\"caption\":\"Essentia Centre M\u00e8dic\"},\"image\":{\"@id\":\"http:\\\/\\\/www.serveismedics.blog\\\/es\\\/#\\\/schema\\\/logo\\\/image\\\/\"},\"sameAs\":[\"https:\\\/\\\/www.facebook.com\\\/centreessentia.montgri\"]},{\"@type\":\"Person\",\"@id\":\"http:\\\/\\\/www.serveismedics.blog\\\/es\\\/#\\\/schema\\\/person\\\/4c5ef50496d37e6b30798d7ced7ae904\",\"name\":\"Essentia Centre M\u00e8dic\",\"image\":{\"@type\":\"ImageObject\",\"inLanguage\":\"es\",\"@id\":\"https:\\\/\\\/secure.gravatar.com\\\/avatar\\\/b7fb4cff0b30bb664a3fe8271f60c493235311eb1bb917d43fd79a61ae8e99f8?s=96&d=mm&r=g\",\"url\":\"https:\\\/\\\/secure.gravatar.com\\\/avatar\\\/b7fb4cff0b30bb664a3fe8271f60c493235311eb1bb917d43fd79a61ae8e99f8?s=96&d=mm&r=g\",\"contentUrl\":\"https:\\\/\\\/secure.gravatar.com\\\/avatar\\\/b7fb4cff0b30bb664a3fe8271f60c493235311eb1bb917d43fd79a61ae8e99f8?s=96&d=mm&r=g\",\"caption\":\"Essentia Centre M\u00e8dic\"},\"sameAs\":[\"https:\\\/\\\/www.serveismedicsessentia.com\\\/serveismedicsblog\"]}]}<\/script>\n<!-- \/ Yoast SEO plugin. -->","yoast_head_json":{"title":"Salud Auditiva: \u00bfc\u00f3mo saber si estoy perdiendo audici\u00f3n?","description":"Visita a los especialistas en salud auditiva de Essentia Centre M\u00e8dic para realizar una revisi\u00f3n auditiva y una videotoscopia gratuita.","robots":{"index":"index","follow":"follow","max-snippet":"max-snippet:-1","max-image-preview":"max-image-preview:large","max-video-preview":"max-video-preview:-1"},"canonical":"https:\/\/www.serveismedics.blog\/es\/salud-auditiva-en-girona-como-saber-si-estoy-perdiendo-audicion\/","og_locale":"es_ES","og_type":"article","og_title":"Salud Auditiva: \u00bfc\u00f3mo saber si estoy perdiendo audici\u00f3n?","og_description":"Visita a los especialistas en salud auditiva de Essentia Centre M\u00e8dic para realizar una revisi\u00f3n auditiva y una videotoscopia gratuita.","og_url":"https:\/\/www.serveismedics.blog\/es\/salud-auditiva-en-girona-como-saber-si-estoy-perdiendo-audicion\/","og_site_name":"Essentia Centre M\u00e8dic","article_publisher":"https:\/\/www.facebook.com\/centreessentia.montgri","article_published_time":"2024-03-14T12:58:39+00:00","article_modified_time":"2024-03-15T11:27:20+00:00","og_image":[{"width":940,"height":788,"url":"https:\/\/www.serveismedics.blog\/wp-content\/uploads\/2024\/03\/salud-auditiva.png","type":"image\/png"}],"author":"Essentia Centre M\u00e8dic","twitter_card":"summary_large_image","twitter_misc":{"Escrito por":"Essentia Centre M\u00e8dic","Tiempo de lectura":"3 minutos"},"schema":{"@context":"https:\/\/schema.org","@graph":[{"@type":["Article","BlogPosting"],"@id":"https:\/\/www.serveismedics.blog\/es\/salud-auditiva-en-girona-como-saber-si-estoy-perdiendo-audicion\/#article","isPartOf":{"@id":"https:\/\/www.serveismedics.blog\/es\/salud-auditiva-en-girona-como-saber-si-estoy-perdiendo-audicion\/"},"author":{"name":"Essentia Centre M\u00e8dic","@id":"http:\/\/www.serveismedics.blog\/es\/#\/schema\/person\/4c5ef50496d37e6b30798d7ced7ae904"},"headline":"Salud Auditiva: \u00bfc\u00f3mo saber si estoy perdiendo audici\u00f3n?","datePublished":"2024-03-14T12:58:39+00:00","dateModified":"2024-03-15T11:27:20+00:00","mainEntityOfPage":{"@id":"https:\/\/www.serveismedics.blog\/es\/salud-auditiva-en-girona-como-saber-si-estoy-perdiendo-audicion\/"},"wordCount":517,"commentCount":0,"publisher":{"@id":"http:\/\/www.serveismedics.blog\/es\/#organization"},"image":{"@id":"https:\/\/www.serveismedics.blog\/es\/salud-auditiva-en-girona-como-saber-si-estoy-perdiendo-audicion\/#primaryimage"},"thumbnailUrl":"https:\/\/www.serveismedics.blog\/wp-content\/uploads\/2024\/03\/salud-auditiva.png","articleSection":["Salud Auditiva"],"inLanguage":"es","potentialAction":[{"@type":"CommentAction","name":"Comment","target":["https:\/\/www.serveismedics.blog\/es\/salud-auditiva-en-girona-como-saber-si-estoy-perdiendo-audicion\/#respond"]}]},{"@type":["WebPage","MedicalWebPage"],"@id":"https:\/\/www.serveismedics.blog\/es\/salud-auditiva-en-girona-como-saber-si-estoy-perdiendo-audicion\/","url":"https:\/\/www.serveismedics.blog\/es\/salud-auditiva-en-girona-como-saber-si-estoy-perdiendo-audicion\/","name":"Salud Auditiva: \u00bfc\u00f3mo saber si estoy perdiendo audici\u00f3n?","isPartOf":{"@id":"http:\/\/www.serveismedics.blog\/es\/#website"},"primaryImageOfPage":{"@id":"https:\/\/www.serveismedics.blog\/es\/salud-auditiva-en-girona-como-saber-si-estoy-perdiendo-audicion\/#primaryimage"},"image":{"@id":"https:\/\/www.serveismedics.blog\/es\/salud-auditiva-en-girona-como-saber-si-estoy-perdiendo-audicion\/#primaryimage"},"thumbnailUrl":"https:\/\/www.serveismedics.blog\/wp-content\/uploads\/2024\/03\/salud-auditiva.png","datePublished":"2024-03-14T12:58:39+00:00","dateModified":"2024-03-15T11:27:20+00:00","description":"Visita a los especialistas en salud auditiva de Essentia Centre M\u00e8dic para realizar una revisi\u00f3n auditiva y una videotoscopia gratuita.","breadcrumb":{"@id":"https:\/\/www.serveismedics.blog\/es\/salud-auditiva-en-girona-como-saber-si-estoy-perdiendo-audicion\/#breadcrumb"},"inLanguage":"es","potentialAction":[{"@type":"ReadAction","target":["https:\/\/www.serveismedics.blog\/es\/salud-auditiva-en-girona-como-saber-si-estoy-perdiendo-audicion\/"]}]},{"@type":"ImageObject","inLanguage":"es","@id":"https:\/\/www.serveismedics.blog\/es\/salud-auditiva-en-girona-como-saber-si-estoy-perdiendo-audicion\/#primaryimage","url":"https:\/\/www.serveismedics.blog\/wp-content\/uploads\/2024\/03\/salud-auditiva.png","contentUrl":"https:\/\/www.serveismedics.blog\/wp-content\/uploads\/2024\/03\/salud-auditiva.png","width":940,"height":788,"caption":"Salud Auditiva"},{"@type":"BreadcrumbList","@id":"https:\/\/www.serveismedics.blog\/es\/salud-auditiva-en-girona-como-saber-si-estoy-perdiendo-audicion\/#breadcrumb","itemListElement":[{"@type":"ListItem","position":1,"name":"Inici","item":"https:\/\/www.serveismedics.blog\/es\/"},{"@type":"ListItem","position":2,"name":"Salud Auditiva: \u00bfc\u00f3mo saber si estoy perdiendo audici\u00f3n?"}]},{"@type":"WebSite","@id":"http:\/\/www.serveismedics.blog\/es\/#website","url":"http:\/\/www.serveismedics.blog\/es\/","name":"Essentia Centre M\u00e8dic","description":"El teu cente integral de salut","publisher":{"@id":"http:\/\/www.serveismedics.blog\/es\/#organization"},"potentialAction":[{"@type":"SearchAction","target":{"@type":"EntryPoint","urlTemplate":"http:\/\/www.serveismedics.blog\/es\/?s={search_term_string}"},"query-input":{"@type":"PropertyValueSpecification","valueRequired":true,"valueName":"search_term_string"}}],"inLanguage":"es"},{"@type":"Organization","@id":"http:\/\/www.serveismedics.blog\/es\/#organization","name":"Essentia Centre M\u00e8dic","url":"http:\/\/www.serveismedics.blog\/es\/","logo":{"@type":"ImageObject","inLanguage":"es","@id":"http:\/\/www.serveismedics.blog\/es\/#\/schema\/logo\/image\/","url":"http:\/\/www.serveismedicsessentia.com\/serveismedicsblog\/wp-content\/uploads\/2022\/05\/cropped-cropped-logo.png","contentUrl":"http:\/\/www.serveismedicsessentia.com\/serveismedicsblog\/wp-content\/uploads\/2022\/05\/cropped-cropped-logo.png","width":512,"height":512,"caption":"Essentia Centre M\u00e8dic"},"image":{"@id":"http:\/\/www.serveismedics.blog\/es\/#\/schema\/logo\/image\/"},"sameAs":["https:\/\/www.facebook.com\/centreessentia.montgri"]},{"@type":"Person","@id":"http:\/\/www.serveismedics.blog\/es\/#\/schema\/person\/4c5ef50496d37e6b30798d7ced7ae904","name":"Essentia Centre M\u00e8dic","image":{"@type":"ImageObject","inLanguage":"es","@id":"https:\/\/secure.gravatar.com\/avatar\/b7fb4cff0b30bb664a3fe8271f60c493235311eb1bb917d43fd79a61ae8e99f8?s=96&d=mm&r=g","url":"https:\/\/secure.gravatar.com\/avatar\/b7fb4cff0b30bb664a3fe8271f60c493235311eb1bb917d43fd79a61ae8e99f8?s=96&d=mm&r=g","contentUrl":"https:\/\/secure.gravatar.com\/avatar\/b7fb4cff0b30bb664a3fe8271f60c493235311eb1bb917d43fd79a61ae8e99f8?s=96&d=mm&r=g","caption":"Essentia Centre M\u00e8dic"},"sameAs":["https:\/\/www.serveismedicsessentia.com\/serveismedicsblog"]}]}},"_links":{"self":[{"href":"https:\/\/www.serveismedics.blog\/es\/wp-json\/wp\/v2\/posts\/1321","targetHints":{"allow":["GET"]}}],"collection":[{"href":"https:\/\/www.serveismedics.blog\/es\/wp-json\/wp\/v2\/posts"}],"about":[{"href":"https:\/\/www.serveismedics.blog\/es\/wp-json\/wp\/v2\/types\/post"}],"author":[{"embeddable":true,"href":"https:\/\/www.serveismedics.blog\/es\/wp-json\/wp\/v2\/users\/1"}],"replies":[{"embeddable":true,"href":"https:\/\/www.serveismedics.blog\/es\/wp-json\/wp\/v2\/comments?post=1321"}],"version-history":[{"count":0,"href":"https:\/\/www.serveismedics.blog\/es\/wp-json\/wp\/v2\/posts\/1321\/revisions"}],"wp:featuredmedia":[{"embeddable":true,"href":"https:\/\/www.serveismedics.blog\/es\/wp-json\/wp\/v2\/media\/1323"}],"wp:attachment":[{"href":"https:\/\/www.serveismedics.blog\/es\/wp-json\/wp\/v2\/media?parent=1321"}],"wp:term":[{"taxonomy":"category","embeddable":true,"href":"https:\/\/www.serveismedics.blog\/es\/wp-json\/wp\/v2\/categories?post=1321"},{"taxonomy":"post_tag","embeddable":true,"href":"https:\/\/www.serveismedics.blog\/es\/wp-json\/wp\/v2\/tags?post=1321"}],"curies":[{"name":"wp","href":"https:\/\/api.w.org\/{rel}","templated":true}]}}